{"id":164,"date":"2023-06-01T15:30:00","date_gmt":"2023-06-01T13:30:00","guid":{"rendered":"http:\/\/dulciane.org\/web\/?p=164"},"modified":"2026-03-30T00:24:30","modified_gmt":"2026-03-29T22:24:30","slug":"concert-le-15-decembre-2017-en-partenariat-avec-villette-au-choeur","status":"publish","type":"post","link":"https:\/\/dulciane.org\/web\/concert-le-15-decembre-2017-en-partenariat-avec-villette-au-choeur\/","title":{"rendered":"Gloria de Vivaldi &#8211; 16 JUIN 2023 Temple Lanterne"},"content":{"rendered":"\n<figure class=\"wp-block-image size-full\"><a href=\"https:\/\/dulciane.org\/web\/wp-content\/uploads\/2025\/05\/2023-06-16-Vivaldi-Gloria.jpg\"><img loading=\"lazy\" decoding=\"async\" width=\"1655\" height=\"2340\" src=\"https:\/\/dulciane.org\/web\/wp-content\/uploads\/2025\/05\/2023-06-16-Vivaldi-Gloria.jpg\" alt=\"\" class=\"wp-image-513\" srcset=\"https:\/\/dulciane.org\/web\/wp-content\/uploads\/2025\/05\/2023-06-16-Vivaldi-Gloria.jpg 1655w, https:\/\/dulciane.org\/web\/wp-content\/uploads\/2025\/05\/2023-06-16-Vivaldi-Gloria-212x300.jpg 212w, https:\/\/dulciane.org\/web\/wp-content\/uploads\/2025\/05\/2023-06-16-Vivaldi-Gloria-724x1024.jpg 724w, https:\/\/dulciane.org\/web\/wp-content\/uploads\/2025\/05\/2023-06-16-Vivaldi-Gloria-768x1086.jpg 768w, https:\/\/dulciane.org\/web\/wp-content\/uploads\/2025\/05\/2023-06-16-Vivaldi-Gloria-1086x1536.jpg 1086w, https:\/\/dulciane.org\/web\/wp-content\/uploads\/2025\/05\/2023-06-16-Vivaldi-Gloria-1448x2048.jpg 1448w, https:\/\/dulciane.org\/web\/wp-content\/uploads\/2025\/05\/2023-06-16-Vivaldi-Gloria-106x150.jpg 106w\" sizes=\"auto, (max-width: 1655px) 100vw, 1655px\" \/><\/a><\/figure>\n\n\n\n<p><\/p>\n\n\n<p>Pour le 40\u00e8me anniversaire, la Dulciane, accompagn\u00e9e de l&rsquo;ensemble Totus et des archets de l&rsquo;AMA met le baroque \u00e0 l&rsquo;honneur avec le Gloria de Vivaldi et le concerto pour Hautbois et Violon de Bach.<\/p>\n<p>Une soixantaine de musicien sur sc\u00e8ne pour un programme magnifique et ambitieux.<\/p>\n<p>Place \u00e0 r\u00e9server sur hello asso<\/p>\n\n\n<h2 class=\"wp-block-heading\">Images<\/h2>\n\n\n\n<figure class=\"wp-block-image size-large\"><a href=\"https:\/\/dulciane.org\/web\/concert-juin-2023\/\"><img loading=\"lazy\" decoding=\"async\" width=\"1024\" height=\"576\" src=\"https:\/\/dulciane.org\/web\/wp-content\/uploads\/2026\/03\/2023-06-01-1024x576.jpg\" alt=\"\" class=\"wp-image-641\" srcset=\"https:\/\/dulciane.org\/web\/wp-content\/uploads\/2026\/03\/2023-06-01-1024x576.jpg 1024w, https:\/\/dulciane.org\/web\/wp-content\/uploads\/2026\/03\/2023-06-01-300x169.jpg 300w, https:\/\/dulciane.org\/web\/wp-content\/uploads\/2026\/03\/2023-06-01-768x432.jpg 768w, https:\/\/dulciane.org\/web\/wp-content\/uploads\/2026\/03\/2023-06-01-1536x864.jpg 1536w, https:\/\/dulciane.org\/web\/wp-content\/uploads\/2026\/03\/2023-06-01-2048x1152.jpg 2048w, https:\/\/dulciane.org\/web\/wp-content\/uploads\/2026\/03\/2023-06-01-150x84.jpg 150w\" sizes=\"auto, (max-width: 1024px) 100vw, 1024px\" \/><\/a><\/figure>\n","protected":false},"excerpt":{"rendered":"<p>Pour le 40\u00e8me anniversaire, la Dulciane, accompagn\u00e9e de l&rsquo;ensemble Totus et des archets de l&rsquo;AMA met le baroque \u00e0 l&rsquo;honneur avec le Gloria de Vivaldi et le concerto pour Hautbois et Violon de Bach. Une soixantaine de musicien sur sc\u00e8ne pour un programme magnifique et ambitieux. Place \u00e0 r\u00e9server sur&#8230;<\/p>\n<p class=\"continue-reading-button\"> <a class=\"continue-reading-link\" href=\"https:\/\/dulciane.org\/web\/concert-le-15-decembre-2017-en-partenariat-avec-villette-au-choeur\/\">Continue reading<i class=\"crycon-right-dir\"><\/i><\/a><\/p>\n","protected":false},"author":2,"featured_media":512,"comment_status":"closed","ping_status":"closed","sticky":false,"template":"","format":"standard","meta":{"_acf_changed":false,"footnotes":""},"categories":[5],"tags":[],"class_list":["post-164","post","type-post","status-publish","format-standard","has-post-thumbnail","hentry","category-concerts"],"acf":[],"publishpress_future_action":{"enabled":false,"date":"2026-05-29 21:12:20","action":"change-status","newStatus":"draft","terms":[],"taxonomy":"category","extraData":[]},"publishpress_future_workflow_manual_trigger":{"enabledWorkflows":[]},"_links":{"self":[{"href":"https:\/\/dulciane.org\/web\/wp-json\/wp\/v2\/posts\/164","targetHints":{"allow":["GET"]}}],"collection":[{"href":"https:\/\/dulciane.org\/web\/wp-json\/wp\/v2\/posts"}],"about":[{"href":"https:\/\/dulciane.org\/web\/wp-json\/wp\/v2\/types\/post"}],"author":[{"embeddable":true,"href":"https:\/\/dulciane.org\/web\/wp-json\/wp\/v2\/users\/2"}],"replies":[{"embeddable":true,"href":"https:\/\/dulciane.org\/web\/wp-json\/wp\/v2\/comments?post=164"}],"version-history":[{"count":10,"href":"https:\/\/dulciane.org\/web\/wp-json\/wp\/v2\/posts\/164\/revisions"}],"predecessor-version":[{"id":647,"href":"https:\/\/dulciane.org\/web\/wp-json\/wp\/v2\/posts\/164\/revisions\/647"}],"wp:featuredmedia":[{"embeddable":true,"href":"https:\/\/dulciane.org\/web\/wp-json\/wp\/v2\/media\/512"}],"wp:attachment":[{"href":"https:\/\/dulciane.org\/web\/wp-json\/wp\/v2\/media?parent=164"}],"wp:term":[{"taxonomy":"category","embeddable":true,"href":"https:\/\/dulciane.org\/web\/wp-json\/wp\/v2\/categories?post=164"},{"taxonomy":"post_tag","embeddable":true,"href":"https:\/\/dulciane.org\/web\/wp-json\/wp\/v2\/tags?post=164"}],"curies":[{"name":"wp","href":"https:\/\/api.w.org\/{rel}","templated":true}]}}